{"id":1289,"date":"2017-10-02T15:04:24","date_gmt":"2017-10-02T15:04:24","guid":{"rendered":"http:\/\/markus.promny.de\/blog\/archives\/2017\/10\/02"},"modified":"2017-10-02T15:30:55","modified_gmt":"2017-10-02T15:30:55","slug":"herbstlicher-ausflug-in-die-berge","status":"publish","type":"post","link":"https:\/\/markus.promny.de\/blog\/archives\/2017\/10\/02\/herbstlicher-ausflug-in-die-berge","title":{"rendered":"Herbstlicher Ausflug in die Berge"},"content":{"rendered":"<p>Von Almaty aus fahren wir per &#8222;Taxi&#8220; in die Berge und werden im Vorfeld und auch noch dabei (vom Fahrer) f\u00fcr verr\u00fcckt erkl\u00e4rt. Tja, alles Quatsch. Man braucht keinen Jeep und keine Wintersachen. Nur etwas Spa\u00df am Wandern (der kam beim J\u00fcngsten mal wieder erst bei der Sache). Die letzten Tage war es allerdings bereits mal k\u00e4lter, daher lagen noch einige Schneereste rum. Wir haben auf der ganzen Wanderung keinen weiteren Menschen gesehen, obwohl gerade mal eine Stunde au\u00dferhalb der Metropole. Das junge Paar, was uns auf dem R\u00fcckweg nach unten mitgenommen hat, war dann auch noch sehr am\u00fcsiert, was uns als gelungener Urlaubstag durchgeht.<br \/>\n<a href=\"http:\/\/markus.promny.de\/blog\/wp-content\/uploads\/2017\/10\/2017-10-02_17.19.03.jpg\"><img decoding=\"async\" src=\"http:\/\/markus.promny.de\/blog\/wp-content\/uploads\/2017\/10\/2017-10-02_17.19.03.jpg\" alt=\"\" width=\"480\" class=\"aligncenter size-full wp-image-1297\" srcset=\"https:\/\/markus.promny.de\/blog\/wp-content\/uploads\/2017\/10\/2017-10-02_17.19.03.jpg 600w, https:\/\/markus.promny.de\/blog\/wp-content\/uploads\/2017\/10\/2017-10-02_17.19.03-150x150.jpg 150w, https:\/\/markus.promny.de\/blog\/wp-content\/uploads\/2017\/10\/2017-10-02_17.19.03-300x300.jpg 300w\" sizes=\"(max-width: 600px) 100vw, 600px\" \/><\/a><\/p>\n","protected":false},"excerpt":{"rendered":"<p>Von Almaty aus fahren wir per &#8222;Taxi&#8220; in die Berge und werden im Vorfeld und auch noch dabei (vom Fahrer) f\u00fcr verr\u00fcckt erkl\u00e4rt. Tja, alles Quatsch. Man braucht keinen Jeep und keine Wintersachen. Nur etwas Spa\u00df am Wandern (der kam beim J\u00fcngsten mal wieder erst bei der Sache). Die letzten Tage war es allerdings bereits [&hellip;]<\/p>\n","protected":false},"author":2,"featured_media":0,"comment_status":"open","ping_status":"closed","sticky":false,"template":"","format":"standard","meta":{"footnotes":""},"categories":[1,5,7],"tags":[],"class_list":["post-1289","post","type-post","status-publish","format-standard","hentry","category-allgemeines","category-mittelasien","category-reisen-mit-kind"],"_links":{"self":[{"href":"https:\/\/markus.promny.de\/blog\/wp-json\/wp\/v2\/posts\/1289","targetHints":{"allow":["GET"]}}],"collection":[{"href":"https:\/\/markus.promny.de\/blog\/wp-json\/wp\/v2\/posts"}],"about":[{"href":"https:\/\/markus.promny.de\/blog\/wp-json\/wp\/v2\/types\/post"}],"author":[{"embeddable":true,"href":"https:\/\/markus.promny.de\/blog\/wp-json\/wp\/v2\/users\/2"}],"replies":[{"embeddable":true,"href":"https:\/\/markus.promny.de\/blog\/wp-json\/wp\/v2\/comments?post=1289"}],"version-history":[{"count":0,"href":"https:\/\/markus.promny.de\/blog\/wp-json\/wp\/v2\/posts\/1289\/revisions"}],"wp:attachment":[{"href":"https:\/\/markus.promny.de\/blog\/wp-json\/wp\/v2\/media?parent=1289"}],"wp:term":[{"taxonomy":"category","embeddable":true,"href":"https:\/\/markus.promny.de\/blog\/wp-json\/wp\/v2\/categories?post=1289"},{"taxonomy":"post_tag","embeddable":true,"href":"https:\/\/markus.promny.de\/blog\/wp-json\/wp\/v2\/tags?post=1289"}],"curies":[{"name":"wp","href":"https:\/\/api.w.org\/{rel}","templated":true}]}}