{"id":90,"date":"2008-05-25T12:26:14","date_gmt":"2008-05-25T10:26:14","guid":{"rendered":"http:\/\/markus.promny.de\/blog\/archives\/2008\/05\/25\/reisen-mit-baby-bahn"},"modified":"2008-06-27T16:53:14","modified_gmt":"2008-06-27T14:53:14","slug":"reisen-mit-baby-bahn","status":"publish","type":"post","link":"https:\/\/markus.promny.de\/blog\/archives\/2008\/05\/25\/reisen-mit-baby-bahn","title":{"rendered":"Reisen mit Baby: Bahn"},"content":{"rendered":"<p>Hier in der Schweiz ist das Bahnfahren ziemlich verbreitet und akzeptiert. Die SBB meldete k\u00fcrzlich wieder neue Fahrgast-Rekordzahlen. Schon rund 5 % der Bev\u00f6lkerung hat ein Generalabonnement (vergleichbar einer Bahncard100) mit der man soviel fahren kann wie man will. Wenn man hier als Kleinfamilie den 2-Tages-Wochenendausflug per Bahn macht, muss man h\u00f6chstens noch den deutschen Kollegen gegen\u00fcber rechtfertigen, warum man denn nicht mit dem Auto f\u00e4hrt. F\u00fcr Kinderwagen gibt es in jedem Wagen einen Stellplatz und f\u00fcr die etwa gr\u00f6\u00dferen Kinder gibt es in einigen Z\u00fcgen sogar einen halben Doppelstockwagen als Spielzimmer inklusive Rutsche!<\/p>\n<p>Im deutschen ICE hingegen glaubten wir unseren Augen nicht zu trauen: Kein Platz f\u00fcr Kinderwagen. Der Schaffner (wie nennen die sich heute auf Neudeutsch eigentlich nochmal?) gab uns den Tipp, den Wagen einfach am Eingang stehen zu lassen. Damit war der Eingang zwar fast vollst\u00e4ndig verstellt, aber was besseres haben wir echt nicht gefunden. Da ist auf jeden Fall noch Verbesserungsbedarf vorhanden.<\/p>\n","protected":false},"excerpt":{"rendered":"<p>Hier in der Schweiz ist das Bahnfahren ziemlich verbreitet und akzeptiert. Die SBB meldete k\u00fcrzlich wieder neue Fahrgast-Rekordzahlen. Schon rund 5 % der Bev\u00f6lkerung hat ein Generalabonnement (vergleichbar einer Bahncard100) mit der man soviel fahren kann wie man will. Wenn man hier als Kleinfamilie den 2-Tages-Wochenendausflug per Bahn macht, muss man h\u00f6chstens noch den deutschen [&hellip;]<\/p>\n","protected":false},"author":2,"featured_media":0,"comment_status":"open","ping_status":"closed","sticky":false,"template":"","format":"standard","meta":{"footnotes":""},"categories":[7],"tags":[],"class_list":["post-90","post","type-post","status-publish","format-standard","hentry","category-reisen-mit-kind"],"_links":{"self":[{"href":"https:\/\/markus.promny.de\/blog\/wp-json\/wp\/v2\/posts\/90","targetHints":{"allow":["GET"]}}],"collection":[{"href":"https:\/\/markus.promny.de\/blog\/wp-json\/wp\/v2\/posts"}],"about":[{"href":"https:\/\/markus.promny.de\/blog\/wp-json\/wp\/v2\/types\/post"}],"author":[{"embeddable":true,"href":"https:\/\/markus.promny.de\/blog\/wp-json\/wp\/v2\/users\/2"}],"replies":[{"embeddable":true,"href":"https:\/\/markus.promny.de\/blog\/wp-json\/wp\/v2\/comments?post=90"}],"version-history":[{"count":0,"href":"https:\/\/markus.promny.de\/blog\/wp-json\/wp\/v2\/posts\/90\/revisions"}],"wp:attachment":[{"href":"https:\/\/markus.promny.de\/blog\/wp-json\/wp\/v2\/media?parent=90"}],"wp:term":[{"taxonomy":"category","embeddable":true,"href":"https:\/\/markus.promny.de\/blog\/wp-json\/wp\/v2\/categories?post=90"},{"taxonomy":"post_tag","embeddable":true,"href":"https:\/\/markus.promny.de\/blog\/wp-json\/wp\/v2\/tags?post=90"}],"curies":[{"name":"wp","href":"https:\/\/api.w.org\/{rel}","templated":true}]}}