{"id":94,"date":"2008-09-01T22:49:32","date_gmt":"2008-09-01T20:49:32","guid":{"rendered":"http:\/\/markus.promny.de\/blog\/archives\/2008\/09\/01\/cesme-tuerkei"},"modified":"2008-09-01T22:51:17","modified_gmt":"2008-09-01T20:51:17","slug":"cesme-tuerkei","status":"publish","type":"post","link":"https:\/\/markus.promny.de\/blog\/archives\/2008\/09\/01\/cesme-tuerkei","title":{"rendered":"Cesme, T\u00fcrkei"},"content":{"rendered":"<p>Wegen einer Konferenz darf ich in die T\u00fcrkei dienstreisen. Meine Familie hat sich ebenfalls eine Auszeit verdient, alos kommen Kathleen und Karoline mit. Bietet sich ja auch an: die Tagung findet in einem 5-Sterne-Urlaubshotel direkt am Meer statt.<\/p>\n<p>Karoline ist ihrerseits sowieso zur Zeit auf grosser Weltentdeckung. Das Krabbeln klappt immer besser, so sorgt sie schon am Flughafen durch ihre Erkundungstouren f\u00fcr gro\u00dfe Erheiterung. Ein junger Mann von 18 Monaten ist ihr Ziel und erwidert ihre Liebkosungen gern.<\/p>\n<p>Da wir ein paar Tage vor Beginn der Konferenz anreisen, bleibt uns auch Zeit f\u00fcr Erkundungen. Das Hotel ist das gr\u00f6\u00dfte und touristisch-mainstreamigste, in dem wir je waren. Viele Deutsche. Skuriler Dialog beim Abendessen:<\/p>\n<p>Frau am Nachbartisch (sieht, dass ich mich mit etwas unter dem Tisch besch\u00e4ftige): &#8222;welche Katze haben sie denn da? Die Schwarze oder die Wei\u00dfe?&#8220;<\/p>\n<p>Ich: &#8222;Meine Tochter.&#8220;<\/p>\n<p>Frau: &#8222;Ach so.&#8220; &#8211; Pause &#8211; &#8222;Woher in Deutschland kommen sie denn?&#8220;<\/p>\n<p>Ich: &#8222;Z\u00fcrich.&#8220;<\/p>\n<p>Frau: &#8222;Toll. Wir kommen ja aus Stuttgart.&#8220;<\/p>\n<p>Ende des Gespr\u00e4chs.<\/p>\n<p>Vom 5-Sterne-Komfort bin ich eigentlich ziemlich entt\u00e4uscht.\u00a0Da waren wir schon in vielen (viel billigeren) H\u00e4usern mit deutlich aufmerksameren Service. 5-Sterne haben eigentlich nur die Preise. Ein Bier kostet 6 EUR und ist damit teurer als in Z\u00fcrich&#8230;<\/p>\n","protected":false},"excerpt":{"rendered":"<p>Wegen einer Konferenz darf ich in die T\u00fcrkei dienstreisen. Meine Familie hat sich ebenfalls eine Auszeit verdient, alos kommen Kathleen und Karoline mit. Bietet sich ja auch an: die Tagung findet in einem 5-Sterne-Urlaubshotel direkt am Meer statt. Karoline ist ihrerseits sowieso zur Zeit auf grosser Weltentdeckung. Das Krabbeln klappt immer besser, so sorgt sie [&hellip;]<\/p>\n","protected":false},"author":2,"featured_media":0,"comment_status":"open","ping_status":"closed","sticky":false,"template":"","format":"standard","meta":{"footnotes":""},"categories":[1,7],"tags":[],"class_list":["post-94","post","type-post","status-publish","format-standard","hentry","category-allgemeines","category-reisen-mit-kind"],"_links":{"self":[{"href":"https:\/\/markus.promny.de\/blog\/wp-json\/wp\/v2\/posts\/94","targetHints":{"allow":["GET"]}}],"collection":[{"href":"https:\/\/markus.promny.de\/blog\/wp-json\/wp\/v2\/posts"}],"about":[{"href":"https:\/\/markus.promny.de\/blog\/wp-json\/wp\/v2\/types\/post"}],"author":[{"embeddable":true,"href":"https:\/\/markus.promny.de\/blog\/wp-json\/wp\/v2\/users\/2"}],"replies":[{"embeddable":true,"href":"https:\/\/markus.promny.de\/blog\/wp-json\/wp\/v2\/comments?post=94"}],"version-history":[{"count":0,"href":"https:\/\/markus.promny.de\/blog\/wp-json\/wp\/v2\/posts\/94\/revisions"}],"wp:attachment":[{"href":"https:\/\/markus.promny.de\/blog\/wp-json\/wp\/v2\/media?parent=94"}],"wp:term":[{"taxonomy":"category","embeddable":true,"href":"https:\/\/markus.promny.de\/blog\/wp-json\/wp\/v2\/categories?post=94"},{"taxonomy":"post_tag","embeddable":true,"href":"https:\/\/markus.promny.de\/blog\/wp-json\/wp\/v2\/tags?post=94"}],"curies":[{"name":"wp","href":"https:\/\/api.w.org\/{rel}","templated":true}]}}